{"id":22,"date":"2020-08-07T21:52:16","date_gmt":"2020-08-07T19:52:16","guid":{"rendered":"http:\/\/nebyfuo.cluster028.hosting.ovh.net\/?p=22"},"modified":"2025-09-12T15:59:15","modified_gmt":"2025-09-12T13:59:15","slug":"les-cours-a-domicile","status":"publish","type":"post","link":"https:\/\/www.latelieremilie.com\/index.php\/2020\/08\/07\/les-cours-a-domicile\/","title":{"rendered":"Les cours \u00e0 domicile"},"content":{"rendered":"\n<p>Vous ne pouvez ou ne voulez pas vous d\u00e9placer en atelier ?<br><br>Je viens \u00e0 votre domicile avec mon mat\u00e9riel ! Machine \u00e0 coudre, surjeteuse, accessoires de couture divers&#8230; <strong>Mais ne fourni pas le tissu ni les accessoires de mercerie pour votre projet (fermeture \u00e9clair, bouton etc.)<\/strong><br>Les cours \u00e0 domicile permettent d&rsquo;apprendre tout en restant dans le confort de chez soi !<br><br>Je me d\u00e9place dans un rayon de 30 \u00e0 35 min et 20 km maximum autour de mon atelier \u00e0 Vernouillet (78). <br><br>Les cours sont de 2h (minimum) \u00e0 3h (conseill\u00e9).<\/p>\n\n\n<span id=\"tablepress-4-description\" class=\"tablepress-table-description tablepress-table-description-id-4\">TARIFS des cours \u00e0 domicile ADULTE (\u00e0 partir de 15 ans)<\/span>\n\n<table id=\"tablepress-4\" class=\"tablepress tablepress-id-4\" aria-describedby=\"tablepress-4-description\">\n<thead>\n<tr class=\"row-1 odd\">\n\t<th class=\"column-1\"><\/th><th class=\"column-2\">2h<\/th><th class=\"column-3\">3h<\/th>\n<\/tr>\n<\/thead>\n<tbody class=\"row-hover\">\n<tr class=\"row-2 even\">\n\t<td class=\"column-1\">A l'unit\u00e9 : 32,5\u20ac\/h<\/td><td class=\"column-2\">65\u20ac<\/td><td class=\"column-3\">97\u20ac<\/td>\n<\/tr>\n<tr class=\"row-3 odd\">\n\t<td class=\"column-1\">Carnet de 5 cours<\/td><td class=\"column-2\">292\u20ac<\/td><td class=\"column-3\">436\u20ac<\/td>\n<\/tr>\n<tr class=\"row-4 even\">\n\t<td class=\"column-1\">Carnet de 10 cours<\/td><td class=\"column-2\">552\u20ac<\/td><td class=\"column-3\">824\u20ac<\/td>\n<\/tr>\n<\/tbody>\n<\/table>\n<!-- #tablepress-4 from cache -->\n\n\n\n<div style=\"height:30px\" aria-hidden=\"true\" class=\"wp-block-spacer\"><\/div>\n\n\n<span id=\"tablepress-6-description\" class=\"tablepress-table-description tablepress-table-description-id-6\">TARIFS des cours \u00e0 domicile ENFANT \/ ADOS (de 8 \u00e0 14 ans)<\/span>\n\n<table id=\"tablepress-6\" class=\"tablepress tablepress-id-6\" aria-describedby=\"tablepress-6-description\">\n<thead>\n<tr class=\"row-1 odd\">\n\t<th class=\"column-1\"><\/th><th class=\"column-2\">2h<\/th><th class=\"column-3\">3h<\/th>\n<\/tr>\n<\/thead>\n<tbody class=\"row-hover\">\n<tr class=\"row-2 even\">\n\t<td class=\"column-1\">A l'unit\u00e9 : 30\u20ac\/h<\/td><td class=\"column-2\">60\u20ac<\/td><td class=\"column-3\">90\u20ac<\/td>\n<\/tr>\n<tr class=\"row-3 odd\">\n\t<td class=\"column-1\">Carnet de 5 cours<\/td><td class=\"column-2\">270\u20ac<\/td><td class=\"column-3\">405\u20ac<\/td>\n<\/tr>\n<tr class=\"row-4 even\">\n\t<td class=\"column-1\">Carnet de 10 cours<\/td><td class=\"column-2\">510\u20ac<\/td><td class=\"column-3\">765\u20ac<\/td>\n<\/tr>\n<\/tbody>\n<\/table>\n<!-- #tablepress-6 from cache -->\n\n\n\n<div style=\"height:26px\" aria-hidden=\"true\" class=\"wp-block-spacer\"><\/div>\n\n\n\n<p>Il faudra ajouter 10\u20ac\/h et par personne suppl\u00e9mentaire pr\u00e9sente au cours. (Principe valable jusqu&rsquo;\u00e0 3 personnes maximum. Pour plus de 3 personnes, veuillez me contacter.)<\/p>\n\n\n\n<div style=\"height:23px\" aria-hidden=\"true\" class=\"wp-block-spacer\"><\/div>\n\n\n\n<p><strong>Quand ?<\/strong> <\/p>\n\n\n\n<p>Tout au long de l&rsquo;ann\u00e9e en fonction des disponibilit\u00e9s. <br>Pour toute info ou r\u00e9servation, envoyez un mail \u00e0 <strong>contact@Latelieremilie.com<\/strong> ou via le formulaire ci-dessous.<\/p>\n\n\n<div class=\"wp-block-jetpack-contact-form\"><a href=\"https:\/\/www.latelieremilie.com\/index.php\/2020\/08\/07\/les-cours-a-domicile\/\" target=\"_blank\" rel=\"noopener noreferrer\">Soumettre un formulaire.<\/a><\/div>\n\n\n<div style=\"height:28px\" aria-hidden=\"true\" class=\"wp-block-spacer\"><\/div>\n\n\n\n<p><strong>L&rsquo;annulation d&rsquo;un cours se fait au maximum 48h avant !<br><\/strong><\/p>\n","protected":false},"excerpt":{"rendered":"<p>Vous ne pouvez ou ne voulez pas vous d\u00e9placer en atelier ?<\/p>\n<p>Je viens \u00e0 votre domicile avec mon mat\u00e9riel ! Machine \u00e0 coudre, surjeteuse, accessoires de couture divers&#8230;<br \/>\nLes cours \u00e0 domicile permettent d&rsquo;apprendre tout en restant dans le confort de chez soi !<\/p>\n","protected":false},"author":1,"featured_media":19,"comment_status":"closed","ping_status":"closed","sticky":false,"template":"","format":"standard","meta":{"inline_featured_image":false,"_jetpack_memberships_contains_paid_content":false,"footnotes":""},"categories":[3],"tags":[],"class_list":["post-22","post","type-post","status-publish","format-standard","has-post-thumbnail","hentry","category-les-cours-et-ateliers"],"jetpack_sharing_enabled":true,"jetpack_featured_media_url":"https:\/\/www.latelieremilie.com\/wp-content\/uploads\/2020\/08\/hands-sewing-fabric.jpg","_links":{"self":[{"href":"https:\/\/www.latelieremilie.com\/index.php\/wp-json\/wp\/v2\/posts\/22","targetHints":{"allow":["GET"]}}],"collection":[{"href":"https:\/\/www.latelieremilie.com\/index.php\/wp-json\/wp\/v2\/posts"}],"about":[{"href":"https:\/\/www.latelieremilie.com\/index.php\/wp-json\/wp\/v2\/types\/post"}],"author":[{"embeddable":true,"href":"https:\/\/www.latelieremilie.com\/index.php\/wp-json\/wp\/v2\/users\/1"}],"replies":[{"embeddable":true,"href":"https:\/\/www.latelieremilie.com\/index.php\/wp-json\/wp\/v2\/comments?post=22"}],"version-history":[{"count":16,"href":"https:\/\/www.latelieremilie.com\/index.php\/wp-json\/wp\/v2\/posts\/22\/revisions"}],"predecessor-version":[{"id":1687,"href":"https:\/\/www.latelieremilie.com\/index.php\/wp-json\/wp\/v2\/posts\/22\/revisions\/1687"}],"wp:featuredmedia":[{"embeddable":true,"href":"https:\/\/www.latelieremilie.com\/index.php\/wp-json\/wp\/v2\/media\/19"}],"wp:attachment":[{"href":"https:\/\/www.latelieremilie.com\/index.php\/wp-json\/wp\/v2\/media?parent=22"}],"wp:term":[{"taxonomy":"category","embeddable":true,"href":"https:\/\/www.latelieremilie.com\/index.php\/wp-json\/wp\/v2\/categories?post=22"},{"taxonomy":"post_tag","embeddable":true,"href":"https:\/\/www.latelieremilie.com\/index.php\/wp-json\/wp\/v2\/tags?post=22"}],"curies":[{"name":"wp","href":"https:\/\/api.w.org\/{rel}","templated":true}]}}